{"id":2,"name":"Nagy L\u00e1szl\u00f3","url":"","description":"","link":"https:\/\/www.hungarolen.hu\/en\/author\/nagy-laszlo\/","slug":"nagy-laszlo","avatar_urls":{"24":"https:\/\/secure.gravatar.com\/avatar\/23f23b4adea4db94e34c2db474623869?s=24&d=mm&r=g","48":"https:\/\/secure.gravatar.com\/avatar\/23f23b4adea4db94e34c2db474623869?s=48&d=mm&r=g","96":"https:\/\/secure.gravatar.com\/avatar\/23f23b4adea4db94e34c2db474623869?s=96&d=mm&r=g"},"meta":[],"yoast_head":"<!-- This site is optimized with the Yoast SEO plugin v16.1.1 - https:\/\/yoast.com\/wordpress\/plugins\/seo\/ -->\n<link rel=\"canonical\" href=\"https:\/\/www.hungarolen.hu\/author\/nagy-laszlo\/\" \/>\n<meta property=\"og:locale\" content=\"en_US\" \/>\n<meta property=\"og:type\" content=\"profile\" \/>\n<meta property=\"og:title\" content=\"Nagy L\u00e1szl\u00f3, Szerz\u0151je Hungaro-Len: Tradition in linen\" \/>\n<meta property=\"og:url\" content=\"https:\/\/www.hungarolen.hu\/author\/nagy-laszlo\/\" \/>\n<meta property=\"og:site_name\" content=\"Hungaro-Len: Tradition in linen\" \/>\n<meta property=\"og:image\" content=\"https:\/\/2.gravatar.com\/avatar\/23f23b4adea4db94e34c2db474623869?s=500&#038;d=mm&#038;r=g\" \/>\n<meta name=\"twitter:card\" content=\"summary\" \/>\n<script type=\"application\/ld+json\" class=\"yoast-schema-graph\">{\"@context\":\"https:\/\/schema.org\",\"@graph\":[{\"@type\":\"Organization\",\"@id\":\"https:\/\/www.hungarolen.hu\/en\/#organization\",\"name\":\"Hungaro-Len Ltd.\",\"url\":\"https:\/\/www.hungarolen.hu\/en\/\",\"sameAs\":[\"https:\/\/www.facebook.com\/HungarolenSpinningMill\/\"],\"logo\":{\"@type\":\"ImageObject\",\"@id\":\"https:\/\/www.hungarolen.hu\/en\/#logo\",\"inLanguage\":\"en-US\",\"url\":\"https:\/\/www.hungarolen.hu\/wp-content\/uploads\/2015\/06\/hungaro-len-logo-mof-coloured-60.png\",\"contentUrl\":\"https:\/\/www.hungarolen.hu\/wp-content\/uploads\/2015\/06\/hungaro-len-logo-mof-coloured-60.png\",\"width\":60,\"height\":66,\"caption\":\"Hungaro-Len Ltd.\"},\"image\":{\"@id\":\"https:\/\/www.hungarolen.hu\/en\/#logo\"}},{\"@type\":\"WebSite\",\"@id\":\"https:\/\/www.hungarolen.hu\/en\/#website\",\"url\":\"https:\/\/www.hungarolen.hu\/en\/\",\"name\":\"Hungaro-Len: Tradition in linen\",\"description\":\"Linen yarns and flax threads\",\"publisher\":{\"@id\":\"https:\/\/www.hungarolen.hu\/en\/#organization\"},\"potentialAction\":[{\"@type\":\"SearchAction\",\"target\":\"https:\/\/www.hungarolen.hu\/en\/?s={search_term_string}\",\"query-input\":\"required name=search_term_string\"}],\"inLanguage\":\"en-US\"},{\"@type\":\"ProfilePage\",\"@id\":\"https:\/\/www.hungarolen.hu\/author\/nagy-laszlo\/#webpage\",\"url\":\"https:\/\/www.hungarolen.hu\/author\/nagy-laszlo\/\",\"name\":\"Nagy L\\u00e1szl\\u00f3, Szerz\\u0151je Hungaro-Len: Tradition in linen\",\"isPartOf\":{\"@id\":\"https:\/\/www.hungarolen.hu\/en\/#website\"},\"breadcrumb\":{\"@id\":\"https:\/\/www.hungarolen.hu\/author\/nagy-laszlo\/#breadcrumb\"},\"inLanguage\":\"en-US\",\"potentialAction\":[{\"@type\":\"ReadAction\",\"target\":[\"https:\/\/www.hungarolen.hu\/author\/nagy-laszlo\/\"]}]},{\"@type\":\"BreadcrumbList\",\"@id\":\"https:\/\/www.hungarolen.hu\/author\/nagy-laszlo\/#breadcrumb\",\"itemListElement\":[{\"@type\":\"ListItem\",\"position\":1,\"item\":{\"@type\":\"WebPage\",\"@id\":\"https:\/\/www.hungarolen.hu\/\",\"url\":\"https:\/\/www.hungarolen.hu\/\",\"name\":\"Kezd\\u0151lap\"}},{\"@type\":\"ListItem\",\"position\":2,\"item\":{\"@type\":\"WebPage\",\"@id\":\"https:\/\/www.hungarolen.hu\/author\/nagy-laszlo\/\",\"url\":\"https:\/\/www.hungarolen.hu\/author\/nagy-laszlo\/\",\"name\":\"Arch\\u00edvumban Nagy L\\u00e1szl\\u00f3\"}}]},{\"@type\":\"Person\",\"@id\":\"https:\/\/www.hungarolen.hu\/en\/#\/schema\/person\/c36d85659a100726531911ee28e7a7b4\",\"name\":\"Nagy L\\u00e1szl\\u00f3\",\"image\":{\"@type\":\"ImageObject\",\"@id\":\"https:\/\/www.hungarolen.hu\/en\/#personlogo\",\"inLanguage\":\"en-US\",\"url\":\"https:\/\/secure.gravatar.com\/avatar\/23f23b4adea4db94e34c2db474623869?s=96&d=mm&r=g\",\"contentUrl\":\"https:\/\/secure.gravatar.com\/avatar\/23f23b4adea4db94e34c2db474623869?s=96&d=mm&r=g\",\"caption\":\"Nagy L\\u00e1szl\\u00f3\"},\"mainEntityOfPage\":{\"@id\":\"https:\/\/www.hungarolen.hu\/author\/nagy-laszlo\/#webpage\"}}]}<\/script>\n<!-- \/ Yoast SEO plugin. -->","_links":{"self":[{"href":"https:\/\/www.hungarolen.hu\/en\/wp-json\/wp\/v2\/users\/2","targetHints":{"allow":["GET"]}}],"collection":[{"href":"https:\/\/www.hungarolen.hu\/en\/wp-json\/wp\/v2\/users"}]}}